{"id":1318,"date":"2023-11-05T01:00:27","date_gmt":"2023-11-05T00:00:27","guid":{"rendered":"https:\/\/boucan.info\/?p=1318"},"modified":"2024-03-28T16:43:19","modified_gmt":"2024-03-28T15:43:19","slug":"mercredi-6-decembre-20h","status":"publish","type":"post","link":"https:\/\/boucan.info\/index.php\/2023\/11\/05\/mercredi-6-decembre-20h\/","title":{"rendered":"Mercredi 6 d\u00e9cembre &#8211; 20h \/\/ Les tournesols sauvages"},"content":{"rendered":"\n<p>Jaime Rosales, 2023, Espagne, 1h47<\/p>\n\n\n\n<p>Avec Anna Castillo, Oriol Pla, Quim \u00c1vila <\/p>\n\n\n\n<p>\u00c0 Barcelone, Julia, 22 ans, \u00e9levant seule ses deux enfants, r\u00eave de libert\u00e9 et d&rsquo;\u00e9mancipation. Comme un tournesol suivant sans rel\u00e2che la lumi\u00e8re, elle part chercher le soleil sous d&rsquo;autres horizons. Lorsque le hasard remet sur son chemin deux hommes qu&rsquo;elle a connu par le pass\u00e9, la voil\u00e0 confront\u00e9e \u00e0 des \u00e9motions contraires.<\/p>\n\n\n\n<p>S\u00e9ance suivie d\u2019un cin\u00e9-discute puis d\u2019un buffet de cl\u00f4ture du festival, en partenariat avec la Biocoop Soleil Levain<\/p>\n","protected":false},"excerpt":{"rendered":"<p>S\u00e9ance suivie d\u2019un cin\u00e9-discute anim\u00e9 par Boucan, puis d&rsquo;un buffet de cl\u00f4ture du festival, en partenariat avec la Biocoop Soleil Levain<\/p>\n","protected":false},"author":4,"featured_media":1241,"comment_status":"closed","ping_status":"closed","sticky":false,"template":"","format":"standard","meta":{"neve_meta_sidebar":"","neve_meta_container":"","neve_meta_enable_content_width":"","neve_meta_content_width":0,"neve_meta_title_alignment":"","neve_meta_author_avatar":"","neve_post_elements_order":"","neve_meta_disable_header":"","neve_meta_disable_footer":"","neve_meta_disable_title":"","_themeisle_gutenberg_block_has_review":false,"footnotes":""},"categories":[56,58,57,8],"tags":[],"class_list":["post-1318","post","type-post","status-publish","format-standard","has-post-thumbnail","hentry","category-56","category-2e-edition","category-festival-cine-boucan","category-films"],"_links":{"self":[{"href":"https:\/\/boucan.info\/index.php\/wp-json\/wp\/v2\/posts\/1318","targetHints":{"allow":["GET"]}}],"collection":[{"href":"https:\/\/boucan.info\/index.php\/wp-json\/wp\/v2\/posts"}],"about":[{"href":"https:\/\/boucan.info\/index.php\/wp-json\/wp\/v2\/types\/post"}],"author":[{"embeddable":true,"href":"https:\/\/boucan.info\/index.php\/wp-json\/wp\/v2\/users\/4"}],"replies":[{"embeddable":true,"href":"https:\/\/boucan.info\/index.php\/wp-json\/wp\/v2\/comments?post=1318"}],"version-history":[{"count":4,"href":"https:\/\/boucan.info\/index.php\/wp-json\/wp\/v2\/posts\/1318\/revisions"}],"predecessor-version":[{"id":1421,"href":"https:\/\/boucan.info\/index.php\/wp-json\/wp\/v2\/posts\/1318\/revisions\/1421"}],"wp:featuredmedia":[{"embeddable":true,"href":"https:\/\/boucan.info\/index.php\/wp-json\/wp\/v2\/media\/1241"}],"wp:attachment":[{"href":"https:\/\/boucan.info\/index.php\/wp-json\/wp\/v2\/media?parent=1318"}],"wp:term":[{"taxonomy":"category","embeddable":true,"href":"https:\/\/boucan.info\/index.php\/wp-json\/wp\/v2\/categories?post=1318"},{"taxonomy":"post_tag","embeddable":true,"href":"https:\/\/boucan.info\/index.php\/wp-json\/wp\/v2\/tags?post=1318"}],"curies":[{"name":"wp","href":"https:\/\/api.w.org\/{rel}","templated":true}]}}