{"id":2329,"date":"2025-02-12T12:17:58","date_gmt":"2025-02-12T11:17:58","guid":{"rendered":"https:\/\/boucan.info\/?p=2329"},"modified":"2025-02-12T12:17:59","modified_gmt":"2025-02-12T11:17:59","slug":"suis-je-lesbienne","status":"publish","type":"post","link":"https:\/\/boucan.info\/index.php\/2025\/02\/12\/suis-je-lesbienne\/","title":{"rendered":"Suis-je lesbienne\u00a0?"},"content":{"rendered":"\n<p><strong>D\u00e8s l\u2019enfance, Rio a appris que d\u00e9sirer les hommes \u00e9tait la seule voie possible pour acc\u00e9der au bonheur. <\/strong>Elle y a cru, alors elle a tout fait pour s\u2019y conformer&nbsp;: mariage h\u00e9t\u00e9ro et maternit\u00e9, voil\u00e0 les cl\u00e9s d\u2019une vie de femme r\u00e9ussie.&nbsp;<\/p>\n\n\n\n<p>Mais les dissonances de ses relations et son attirance pour les femmes ont fait na\u00eetre en elle un questionnement existentiel&nbsp;: et si elle \u00e9tait\u2026 <em>lesbienne<\/em>&nbsp;? Qu\u2019est-ce que \u00e7a changerait, concr\u00e8tement, si on s\u2019autorisait \u00e0 sortir du sch\u00e9ma h\u00e9t\u00e9rosexuel&nbsp;?<\/p>\n\n\n\n<p>Dans \u00ab&nbsp;&nbsp;<strong>Suis-je lesbienne&nbsp;?<\/strong>&nbsp;\u00bb Rio Indigo raconte son histoire. \u00c0 41 ans, elle explique comment cette question \u2013 nourrie par son \u00e9veil f\u00e9ministe, antiraciste et queer \u2013 a tout chamboul\u00e9. Sa sexualit\u00e9, ses liens avec les autres, mais aussi sa perception d\u2019elle-m\u00eame et toute sa vision du monde. Parce qu\u2019une fois qu\u2019on a ouvert les yeux sur la matrice h\u00e9t\u00e9ro, on ne peut plus d\u00e9tourner le regard.&nbsp;<\/p>\n\n\n\n<p>Une cr\u00e9ation <em>de Emilia Roig (alias Rio Indigo)\u00a0<\/em>et Naomi Titi pour Binge audio <em>diffus\u00e9e dans Le C\u0153ur sur la table, un podcast cr\u00e9\u00e9 par Victoire Tuaillon. <\/em>5 \u00e9pisodes, 2024<\/p>\n\n\n\n<p><a href=\"https:\/\/www.binge.audio\/podcast\/le-coeur-sur-la-table\/suis-je-lesbienne-par-rio-indigo-et-naomi-titti\">En savoir plus<\/a><\/p>\n\n\n\n<p><\/p>\n","protected":false},"excerpt":{"rendered":"<p>Dans \u00ab\u00a0\u00a0Suis-je lesbienne\u00a0?\u00a0\u00bb Rio Indigo raconte son histoire. \u00c0 41 ans, elle explique comment cette question \u2013 nourrie par son \u00e9veil f\u00e9ministe, antiraciste et queer \u2013 a tout chamboul\u00e9. Sa sexualit\u00e9, ses liens avec les autres, mais aussi sa perception d\u2019elle-m\u00eame et toute sa vision du monde. Parce qu\u2019une fois qu\u2019on a ouvert les yeux sur la matrice h\u00e9t\u00e9ro, on ne peut plus d\u00e9tourner le regard.\u00a0<\/p>\n","protected":false},"author":4,"featured_media":2330,"comment_status":"closed","ping_status":"closed","sticky":false,"template":"","format":"standard","meta":{"neve_meta_sidebar":"","neve_meta_container":"","neve_meta_enable_content_width":"","neve_meta_content_width":0,"neve_meta_title_alignment":"","neve_meta_author_avatar":"","neve_post_elements_order":"","neve_meta_disable_header":"","neve_meta_disable_footer":"","neve_meta_disable_title":"","_themeisle_gutenberg_block_has_review":false,"footnotes":""},"categories":[63,23,22,28,7,32,34],"tags":[],"class_list":["post-2329","post","type-post","status-publish","format-standard","has-post-thumbnail","hentry","category-63","category-corps","category-feminisme","category-podcasts","category-ressources","category-sexualite","category-stereotypes"],"_links":{"self":[{"href":"https:\/\/boucan.info\/index.php\/wp-json\/wp\/v2\/posts\/2329","targetHints":{"allow":["GET"]}}],"collection":[{"href":"https:\/\/boucan.info\/index.php\/wp-json\/wp\/v2\/posts"}],"about":[{"href":"https:\/\/boucan.info\/index.php\/wp-json\/wp\/v2\/types\/post"}],"author":[{"embeddable":true,"href":"https:\/\/boucan.info\/index.php\/wp-json\/wp\/v2\/users\/4"}],"replies":[{"embeddable":true,"href":"https:\/\/boucan.info\/index.php\/wp-json\/wp\/v2\/comments?post=2329"}],"version-history":[{"count":1,"href":"https:\/\/boucan.info\/index.php\/wp-json\/wp\/v2\/posts\/2329\/revisions"}],"predecessor-version":[{"id":2331,"href":"https:\/\/boucan.info\/index.php\/wp-json\/wp\/v2\/posts\/2329\/revisions\/2331"}],"wp:featuredmedia":[{"embeddable":true,"href":"https:\/\/boucan.info\/index.php\/wp-json\/wp\/v2\/media\/2330"}],"wp:attachment":[{"href":"https:\/\/boucan.info\/index.php\/wp-json\/wp\/v2\/media?parent=2329"}],"wp:term":[{"taxonomy":"category","embeddable":true,"href":"https:\/\/boucan.info\/index.php\/wp-json\/wp\/v2\/categories?post=2329"},{"taxonomy":"post_tag","embeddable":true,"href":"https:\/\/boucan.info\/index.php\/wp-json\/wp\/v2\/tags?post=2329"}],"curies":[{"name":"wp","href":"https:\/\/api.w.org\/{rel}","templated":true}]}}