{"id":2339,"date":"2025-02-12T12:33:20","date_gmt":"2025-02-12T11:33:20","guid":{"rendered":"https:\/\/boucan.info\/?p=2339"},"modified":"2025-02-12T12:33:21","modified_gmt":"2025-02-12T11:33:21","slug":"trauma-et-violences-sexuelles","status":"publish","type":"post","link":"https:\/\/boucan.info\/index.php\/2025\/02\/12\/trauma-et-violences-sexuelles\/","title":{"rendered":"Trauma et violences sexuelles"},"content":{"rendered":"\n<p>Un grand entretien en six \u00e9pisodes pour comprendre le processus v\u00e9cu par les victimes de violences sexuelles, du traumatisme initial \u00e0 sa prise en charge, parfois des d\u00e9cennies plus tard. \u00c0 partir de t\u00e9moignages issus des documentaires produits par France Culture, Marina Carr\u00e8re d\u2019Encausse recueille les r\u00e9actions et analyses de la psychiatre\u00a0<a href=\"https:\/\/www.radiofrance.fr\/personnes\/muriel-salmona\">Muriel Salmona<\/a>. Cette derni\u00e8re mobilise aussi son exp\u00e9rience personnelle de victime enfant de violences sexuelles pour mieux faire comprendre les m\u00e9canismes psychotraumatiques. <\/p>\n\n\n\n<p>Une s\u00e9rie r\u00e9alis\u00e9e par Marina Carr\u00e8re d&rsquo;Encausse pour France culture. Carnets de sant\u00e9, 6 \u00e9pisodes, 2024<\/p>\n\n\n\n<p><a href=\"https:\/\/www.radiofrance.fr\/franceculture\/podcasts\/serie-trauma-et-violence-sexuelle-de-l-agression-a-la-reparation\">Pour en savoir plus<\/a><\/p>\n\n\n\n<p><\/p>\n","protected":false},"excerpt":{"rendered":"<p>Si les souvenirs peuvent dispara\u00eetre de la conscience, il arrive qu&rsquo;ils persistent ailleurs. Dans ce hors-s\u00e9rie de Carnets de Sant\u00e9, Marina Carr\u00e8re d&rsquo;Encausse re\u00e7oit Muriel Salmona, psychiatre militant pour la reconnaissance de la m\u00e9moire traumatique chez les victimes d&rsquo;agressions sexuelles.<\/p>\n","protected":false},"author":4,"featured_media":2340,"comment_status":"closed","ping_status":"closed","sticky":false,"template":"","format":"standard","meta":{"neve_meta_sidebar":"","neve_meta_container":"","neve_meta_enable_content_width":"","neve_meta_content_width":0,"neve_meta_title_alignment":"","neve_meta_author_avatar":"","neve_post_elements_order":"","neve_meta_disable_header":"","neve_meta_disable_footer":"","neve_meta_disable_title":"","_themeisle_gutenberg_block_has_review":false,"footnotes":""},"categories":[63,23,11,28,21],"tags":[],"class_list":["post-2339","post","type-post","status-publish","format-standard","has-post-thumbnail","hentry","category-63","category-corps","category-inceste-thematique","category-podcasts","category-vilences"],"_links":{"self":[{"href":"https:\/\/boucan.info\/index.php\/wp-json\/wp\/v2\/posts\/2339","targetHints":{"allow":["GET"]}}],"collection":[{"href":"https:\/\/boucan.info\/index.php\/wp-json\/wp\/v2\/posts"}],"about":[{"href":"https:\/\/boucan.info\/index.php\/wp-json\/wp\/v2\/types\/post"}],"author":[{"embeddable":true,"href":"https:\/\/boucan.info\/index.php\/wp-json\/wp\/v2\/users\/4"}],"replies":[{"embeddable":true,"href":"https:\/\/boucan.info\/index.php\/wp-json\/wp\/v2\/comments?post=2339"}],"version-history":[{"count":1,"href":"https:\/\/boucan.info\/index.php\/wp-json\/wp\/v2\/posts\/2339\/revisions"}],"predecessor-version":[{"id":2341,"href":"https:\/\/boucan.info\/index.php\/wp-json\/wp\/v2\/posts\/2339\/revisions\/2341"}],"wp:featuredmedia":[{"embeddable":true,"href":"https:\/\/boucan.info\/index.php\/wp-json\/wp\/v2\/media\/2340"}],"wp:attachment":[{"href":"https:\/\/boucan.info\/index.php\/wp-json\/wp\/v2\/media?parent=2339"}],"wp:term":[{"taxonomy":"category","embeddable":true,"href":"https:\/\/boucan.info\/index.php\/wp-json\/wp\/v2\/categories?post=2339"},{"taxonomy":"post_tag","embeddable":true,"href":"https:\/\/boucan.info\/index.php\/wp-json\/wp\/v2\/tags?post=2339"}],"curies":[{"name":"wp","href":"https:\/\/api.w.org\/{rel}","templated":true}]}}