{"id":2395,"date":"2023-11-01T17:55:43","date_gmt":"2023-11-01T16:55:43","guid":{"rendered":"https:\/\/boucan.info\/?p=2395"},"modified":"2025-02-12T17:58:40","modified_gmt":"2025-02-12T16:58:40","slug":"mon-abecedaire-des-emotions-et-des-sentiments-amedine-2024","status":"publish","type":"post","link":"https:\/\/boucan.info\/index.php\/2023\/11\/01\/mon-abecedaire-des-emotions-et-des-sentiments-amedine-2024\/","title":{"rendered":"Mon ab\u00e9c\u00e9daire des \u00e9motions et des sentiments (Am\u00e9dine, 2024)"},"content":{"rendered":"\n<p>Mais \u00e7a fait quoi dans le corps, au juste, de ressentir les choses ? Parfois, \u00e7a pique ou \u00e7a explose. Parfois, \u00e7a fait rire tr\u00e8s fort ou bien mouiller les yeux. \u00c7a passe de la t\u00eate au c\u0153ur, jusqu\u2019aux orteils, le tout en une fraction de seconde. Cet ab\u00e9c\u00e9daire des \u00e9motions a \u00e9t\u00e9 pens\u00e9 pour accompagner les enfants \u00e0 comprendre les col\u00e8res furtives, les joies l\u00e9g\u00e8res, les \u00e9clats de rire et les chagrins hauts comme trois pommes.<\/p>\n\n\n\n<p>Un livre pens\u00e9 comme un outil po\u00e9tique, pour ouvrir le dialogue entre enfants et adulte autour des \u00e9motions.<\/p>\n\n\n\n<p><a href=\"https:\/\/bonboncitron.com\/produit\/mon-abcdaire-des-emotions-et-des-sentiments\/\">Editions Bonbon citron<\/a>, maison d\u2019\u00e9dition jeunesse color\u00e9e, inclusive et joyeuse <\/p>\n","protected":false},"excerpt":{"rendered":"<p>Un livre pens\u00e9 comme un outil po\u00e9tique, pour ouvrir le dialogue entre enfants et adulte autour des \u00e9motions.<\/p>\n","protected":false},"author":4,"featured_media":2396,"comment_status":"closed","ping_status":"closed","sticky":false,"template":"","format":"standard","meta":{"neve_meta_sidebar":"","neve_meta_container":"","neve_meta_enable_content_width":"","neve_meta_content_width":0,"neve_meta_title_alignment":"","neve_meta_author_avatar":"","neve_post_elements_order":"","neve_meta_disable_header":"","neve_meta_disable_footer":"","neve_meta_disable_title":"","_themeisle_gutenberg_block_has_review":false,"footnotes":""},"categories":[63,36,19,15,24,16],"tags":[],"class_list":["post-2395","post","type-post","status-publish","format-standard","has-post-thumbnail","hentry","category-63","category-evras-thematique","category-emotions","category-livres","category-livres-emotions","category-livres-enfants"],"_links":{"self":[{"href":"https:\/\/boucan.info\/index.php\/wp-json\/wp\/v2\/posts\/2395","targetHints":{"allow":["GET"]}}],"collection":[{"href":"https:\/\/boucan.info\/index.php\/wp-json\/wp\/v2\/posts"}],"about":[{"href":"https:\/\/boucan.info\/index.php\/wp-json\/wp\/v2\/types\/post"}],"author":[{"embeddable":true,"href":"https:\/\/boucan.info\/index.php\/wp-json\/wp\/v2\/users\/4"}],"replies":[{"embeddable":true,"href":"https:\/\/boucan.info\/index.php\/wp-json\/wp\/v2\/comments?post=2395"}],"version-history":[{"count":1,"href":"https:\/\/boucan.info\/index.php\/wp-json\/wp\/v2\/posts\/2395\/revisions"}],"predecessor-version":[{"id":2397,"href":"https:\/\/boucan.info\/index.php\/wp-json\/wp\/v2\/posts\/2395\/revisions\/2397"}],"wp:featuredmedia":[{"embeddable":true,"href":"https:\/\/boucan.info\/index.php\/wp-json\/wp\/v2\/media\/2396"}],"wp:attachment":[{"href":"https:\/\/boucan.info\/index.php\/wp-json\/wp\/v2\/media?parent=2395"}],"wp:term":[{"taxonomy":"category","embeddable":true,"href":"https:\/\/boucan.info\/index.php\/wp-json\/wp\/v2\/categories?post=2395"},{"taxonomy":"post_tag","embeddable":true,"href":"https:\/\/boucan.info\/index.php\/wp-json\/wp\/v2\/tags?post=2395"}],"curies":[{"name":"wp","href":"https:\/\/api.w.org\/{rel}","templated":true}]}}